{"id":1558,"__str__":"Voto de Pesar n\u00ba 4 de 2026","link_detail_backend":"/materia/1558","metadata":{"signs":{"texto_original":{"admin":[],"autores":[["Jose Heraclio do Rego Junior",["2026-02-23T13:33:36-03:00","Gov-Br"]]]}}},"numero":4,"ano":2026,"numero_protocolo":38,"data_apresentacao":"2026-02-23","tipo_apresentacao":"","data_publicacao":null,"numero_origem_externa":"","ano_origem_externa":null,"data_origem_externa":null,"apelido":"","dias_prazo":null,"data_fim_prazo":null,"em_tramitacao":false,"polemica":false,"objeto":"","complementar":false,"ementa":"Voto de pesar para Severina Rosena da Silva,\r\nM\u00e3e de Baia costureira, vi\u00fava de capit\u00e3o do mato, a mesma faleceu dia 22/02/26 em sua resid\u00eancia, no bairro do Mutir\u00e3o.","indexacao":"","observacao":"","resultado":"","texto_original":"http://sapl.bonito.pe.leg.br/media/sapl/public/materialegislativa/2026/1558/voto_de_pesar_.pdf","data_ultima_atualizacao":"2026-02-23T15:32:40.815404-03:00","ip":"","ultima_edicao":null,"tipo":14,"regime_tramitacao":1,"tipo_origem_externa":null,"local_origem_externa":null,"user":null,"anexadas":[],"autores":[34]}