{"id":1567,"__str__":"Requerimento n\u00ba 20 de 2026","link_detail_backend":"/materia/1567","metadata":{"signs":{"texto_original":{"admin":[],"autores":[["Paulo Sergio da Silva",["2026-03-04T11:52:57-03:00","ICP-Brasil"]]]}}},"numero":20,"ano":2026,"numero_protocolo":43,"data_apresentacao":"2026-03-04","tipo_apresentacao":"","data_publicacao":null,"numero_origem_externa":"","ano_origem_externa":null,"data_origem_externa":null,"apelido":"","dias_prazo":null,"data_fim_prazo":null,"em_tramitacao":false,"polemica":false,"objeto":"","complementar":false,"ementa":"Requisi\u00e7\u00e3o constitucional de informa\u00e7\u00f5es \u2013 Frota de ve\u00edculos locados/contratados (01/01/2025 a 28/02/2026)","indexacao":"","observacao":"","resultado":"","texto_original":"http://sapl.bonito.pe.leg.br/media/sapl/public/materialegislativa/2026/1567/requerimento_pedidi_de_informacao_assinado.pdf","data_ultima_atualizacao":"2026-03-04T16:09:58.404993-03:00","ip":"","ultima_edicao":null,"tipo":2,"regime_tramitacao":1,"tipo_origem_externa":null,"local_origem_externa":null,"user":null,"anexadas":[],"autores":[11]}