{"id":1579,"__str__":"Requerimento n\u00ba 27 de 2026","link_detail_backend":"/materia/1579","metadata":{"signs":{"texto_original":{"admin":[],"autores":[["Paulo Sergio da Silva",["2026-03-11T11:04:50-03:00","ICP-Brasil"]]]}}},"numero":27,"ano":2026,"numero_protocolo":53,"data_apresentacao":"2026-03-11","tipo_apresentacao":"","data_publicacao":null,"numero_origem_externa":"","ano_origem_externa":null,"data_origem_externa":null,"apelido":"","dias_prazo":null,"data_fim_prazo":null,"em_tramitacao":false,"polemica":false,"objeto":"","complementar":false,"ementa":"REQUERIMENTO ao Chefe do Poder Executivo Municipal, Excelent\u00edssimo Sr. Ruy Barbosa, bem como \u00e0 Secretaria Municipal de Desenvolvimento Social, Inclus\u00e3o e Direitos Humanos Francielle Veloso, solicitando que seja viabilizada subven\u00e7\u00e3o social destinada ao custeio de despesas relacionadas ao Projeto da Melhor Idade.","indexacao":"","observacao":"","resultado":"","texto_original":"http://sapl.bonito.pe.leg.br/media/sapl/public/materialegislativa/2026/1579/requerimento_3o_idade_semanda_santa.pdf","data_ultima_atualizacao":"2026-03-11T11:36:51.799971-03:00","ip":"","ultima_edicao":null,"tipo":2,"regime_tramitacao":1,"tipo_origem_externa":null,"local_origem_externa":null,"user":null,"anexadas":[],"autores":[11]}